{"id":297,"date":"2015-02-09T15:02:08","date_gmt":"2015-02-09T14:02:08","guid":{"rendered":"http:\/\/mcsiincendie.apps-1and1.net\/?p=297"},"modified":"2015-02-09T15:02:08","modified_gmt":"2015-02-09T14:02:08","slug":"les-detecteurs-de-fumee-un-delai-jusquau-1er-janvier-2016","status":"publish","type":"post","link":"http:\/\/mcsi-incendie.fr\/?p=297","title":{"rendered":"Les d\u00e9tecteurs de Fum\u00e9e : un d\u00e9lai jusqu\u2019au 1er janvier 2016"},"content":{"rendered":"<p><span style=\"font-size: 14pt;\">L\u2019assembl\u00e9e nationale a accord\u00e9 un d\u00e9lai aux propri\u00e9taires pour \u00e9quiper leurs logements de d\u00e9tecteurs de fum\u00e9e<\/span><\/p>\n<p><span style=\"font-size: 14pt;\">L\u2019amendement indique que <strong>les propri\u00e9taires ayant sign\u00e9 un contrat d\u2019achat des d\u00e9tecteurs au plus tard au 8 mars 2015<\/strong> sont r\u00e9put\u00e9s satisfaire l\u2019obligation, \u00e0 la condition que le d\u00e9tecteur de fum\u00e9e <strong>soit install\u00e9 avant le 1<sup>er<\/sup>\u00a0janvier 2016<\/strong><\/span><\/p>\n<p><span style=\"font-size: 14pt;\">Nous vous invitons \u00e0 prendre connaissance de l\u2019amendement\u00a0sur le site de l\u2019Assembl\u00e9e Nationale\u00a0: <a href=\"http:\/\/www.assemblee-nationale.fr\/14\/amendements\/2498\/AN\/827.asp\">http:\/\/www.assemblee-nationale.fr\/14\/amendements\/2498\/AN\/827.asp<\/a><\/span><\/p>\n<p>&nbsp;<\/p>\n<p><strong>LOI n\u00b0 2010-238 du 9 mars 2010 visant \u00e0 rendre obligatoire l&rsquo;installation de d\u00e9tecteurs de fum\u00e9e dans tous les lieux d&rsquo;habitation (1)<\/strong><\/p>\n<p><a href=\"http:\/\/www.legifrance.gouv.fr\/affichTexte.do?cidTexte=JORFTEXT000021943918&amp;categorieLien=id\">http:\/\/www.legifrance.gouv.fr\/affichTexte.do?cidTexte=JORFTEXT000021943918&amp;categorieLien=id<\/a><\/p>\n<p><strong>\u00a0<\/strong><\/p>\n<p><strong>D\u00e9cret n\u00b0 2011-36 du 10 janvier 2011 relatif \u00e0 l&rsquo;installation de d\u00e9tecteurs de fum\u00e9e dans tous les lieux d&rsquo;habitation<\/strong><\/p>\n<p><strong><a href=\"http:\/\/www.legifrance.gouv.fr\/affichTexte.do?cidTexte=JORFTEXT000023398099&amp;dateTexte=&amp;oldAction=rechJO&amp;categorieLien=id\">http:\/\/www.legifrance.gouv.fr\/affichTexte.do?cidTexte=JORFTEXT000023398099&amp;dateTexte=&amp;oldAction=rechJO&amp;categorieLien=id<\/a> <\/strong><\/p>\n<p>&nbsp;<\/p>\n<p><strong>Arr\u00eat\u00e9 du 5 f\u00e9vrier 2013 relatif \u00e0 l&rsquo;application des articles R. 129-12 \u00e0 R. 129-15 du code de la construction et de l&rsquo;habitation<\/strong><\/p>\n<p><strong><a href=\"http:\/\/www.legifrance.gouv.fr\/affichTexte.do?cidTexte=JORFTEXT000027169390\">http:\/\/www.legifrance.gouv.fr\/affichTexte.do?cidTexte=JORFTEXT000027169390<\/a> <\/strong><\/p>\n<p><strong>\u00a0<\/strong><\/p>\n<p><strong>LOI n\u00b0 2014-366 du 24 mars 2014 pour l&rsquo;acc\u00e8s au logement et un urbanisme r\u00e9nov\u00e9 (1)<\/strong><\/p>\n<p><a href=\"http:\/\/www.legifrance.gouv.fr\/affichTexte.do;jsessionid=?cidTexte=JORFTEXT000028772256&amp;dateTexte=&amp;oldAction=dernierJO&amp;categorieLien=id\">http:\/\/www.legifrance.gouv.fr\/affichTexte.do;jsessionid=?cidTexte=JORFTEXT000028772256&amp;dateTexte=&amp;oldAction=dernierJO&amp;categorieLien=id<\/a><\/p>\n<p>&nbsp;<\/p>\n<p><strong>D\u00e9cret n\u00b0 2015-114 du 2 f\u00e9vrier 2015 modifiant l&rsquo;article R. 129-13 du code de la construction et de l&rsquo;habitation<\/strong><\/p>\n<p><strong><a href=\"http:\/\/www.legifrance.gouv.fr\/eli\/decret\/2015\/2\/2\/ETLL1421744D\/jo\/texte\">http:\/\/www.legifrance.gouv.fr\/eli\/decret\/2015\/2\/2\/ETLL1421744D\/jo\/texte<\/a> <\/strong><\/p>\n<p>&nbsp;<\/p>\n","protected":false},"excerpt":{"rendered":"<p>L\u2019assembl\u00e9e nationale a accord\u00e9 un d\u00e9lai aux propri\u00e9taires pour \u00e9quiper leurs logements de d\u00e9tecteurs de fum\u00e9e L\u2019amendement indique que les propri\u00e9taires ayant sign\u00e9 un contrat d\u2019achat des d\u00e9tecteurs au plus tard au 8 mars 2015 sont r\u00e9put\u00e9s satisfaire l\u2019obligation, \u00e0 &hellip; <a href=\"http:\/\/mcsi-incendie.fr\/?p=297\">Continuer la lecture <span class=\"meta-nav\">&rarr;<\/span><\/a><\/p>\n","protected":false},"author":2,"featured_media":0,"comment_status":"closed","ping_status":"open","sticky":false,"template":"","format":"standard","meta":{"footnotes":""},"categories":[1],"tags":[],"class_list":["post-297","post","type-post","status-publish","format-standard","hentry","category-uncategorized"],"_links":{"self":[{"href":"http:\/\/mcsi-incendie.fr\/index.php?rest_route=\/wp\/v2\/posts\/297","targetHints":{"allow":["GET"]}}],"collection":[{"href":"http:\/\/mcsi-incendie.fr\/index.php?rest_route=\/wp\/v2\/posts"}],"about":[{"href":"http:\/\/mcsi-incendie.fr\/index.php?rest_route=\/wp\/v2\/types\/post"}],"author":[{"embeddable":true,"href":"http:\/\/mcsi-incendie.fr\/index.php?rest_route=\/wp\/v2\/users\/2"}],"replies":[{"embeddable":true,"href":"http:\/\/mcsi-incendie.fr\/index.php?rest_route=%2Fwp%2Fv2%2Fcomments&post=297"}],"version-history":[{"count":1,"href":"http:\/\/mcsi-incendie.fr\/index.php?rest_route=\/wp\/v2\/posts\/297\/revisions"}],"predecessor-version":[{"id":298,"href":"http:\/\/mcsi-incendie.fr\/index.php?rest_route=\/wp\/v2\/posts\/297\/revisions\/298"}],"wp:attachment":[{"href":"http:\/\/mcsi-incendie.fr\/index.php?rest_route=%2Fwp%2Fv2%2Fmedia&parent=297"}],"wp:term":[{"taxonomy":"category","embeddable":true,"href":"http:\/\/mcsi-incendie.fr\/index.php?rest_route=%2Fwp%2Fv2%2Fcategories&post=297"},{"taxonomy":"post_tag","embeddable":true,"href":"http:\/\/mcsi-incendie.fr\/index.php?rest_route=%2Fwp%2Fv2%2Ftags&post=297"}],"curies":[{"name":"wp","href":"https:\/\/api.w.org\/{rel}","templated":true}]}}